{"id":7012,"date":"2024-07-01T19:57:36","date_gmt":"2024-07-01T19:57:36","guid":{"rendered":"https:\/\/netsah1948.com\/rally-against-antisemitism-in-paris-if-this-continues-in-twenty-years-will-i-still-be-here\/"},"modified":"2024-07-01T19:57:36","modified_gmt":"2024-07-01T19:57:36","slug":"rally-against-antisemitism-in-paris-if-this-continues-in-twenty-years-will-i-still-be-here","status":"publish","type":"post","link":"https:\/\/netsah1948.com\/en\/rally-against-antisemitism-in-paris-if-this-continues-in-twenty-years-will-i-still-be-here\/","title":{"rendered":"Rally against antisemitism in Paris: \u201cIf this continues, in twenty years, will I still be here?\u201d"},"content":{"rendered":"\t\t<div data-elementor-type=\"wp-post\" data-elementor-id=\"7012\" class=\"elementor elementor-7012 elementor-5655\" data-elementor-post-type=\"post\">\n\t\t\t\t<div class=\"elementor-element elementor-element-444009d e-flex e-con-boxed e-con e-parent\" data-id=\"444009d\" data-element_type=\"container\" data-e-type=\"container\">\n\t\t\t\t\t<div class=\"e-con-inner\">\n\t\t\t\t<div class=\"elementor-element elementor-element-ea8815b elementor-widget elementor-widget-text-editor\" data-id=\"ea8815b\" data-element_type=\"widget\" data-e-type=\"widget\" data-widget_type=\"text-editor.default\">\n\t\t\t\t\t\t\t\t\t<h3>Rally against antisemitism in Paris: <br \/>\u00ab<em>If this continues, in twenty years, will I still be here?<\/em>\u00bb<\/h3><p>\u00a0<\/p><p>Read the article in Lib\u00e9ration<\/p><p><a href=\"https:\/\/www.liberation.fr\/economie\/rassemblement-contre-lantisemitisme-a-paris-si-ca-continue-ainsi-dans-vingt-ans-est-ce-que-je-serai-encore-la-20240623_676FMCFYCNCW3ETBB2LKHAO7TQ\/?datawallToken=GFT-39001e0014dbe61d64e17ce293a9899b\">https:\/\/www.liberation.fr\/economie\/rassemblement-contre-lantisemitisme-a-paris-si-ca-continue-ainsi-dans-vingt-ans-est-ce-que-je-serai-encore-la<\/a><\/p>\t\t\t\t\t\t\t\t<\/div>\n\t\t\t\t\t<\/div>\n\t\t\t\t<\/div>\n\t\t\t\t<\/div>\n\t\t","protected":false},"excerpt":{"rendered":"<p>Article in Lib\u00e9ration, June 23, 2024<\/p>\n","protected":false},"author":0,"featured_media":5657,"comment_status":"closed","ping_status":"closed","sticky":false,"template":"","format":"standard","meta":{"footnotes":""},"categories":[20],"tags":[],"class_list":["post-7012","post","type-post","status-publish","format-standard","has-post-thumbnail","hentry","category-press-tv-radio"],"yoast_head":"<!-- This site is optimized with the Yoast SEO plugin v28.0 - https:\/\/yoast.com\/product\/yoast-seo-wordpress\/ -->\n<title>Rally against antisemitism in Paris: \u201cIf this continues, in twenty years, will I still be here?\u201d - Netsah<\/title>\n<meta name=\"robots\" content=\"index, follow, max-snippet:-1, max-image-preview:large, max-video-preview:-1\" \/>\n<link rel=\"canonical\" href=\"https:\/\/netsah1948.com\/en\/rally-against-antisemitism-in-paris-if-this-continues-in-twenty-years-will-i-still-be-here\/\" \/>\n<meta property=\"og:locale\" content=\"en_US\" \/>\n<meta property=\"og:type\" content=\"article\" \/>\n<meta property=\"og:title\" content=\"Rally against antisemitism in Paris: \u201cIf this continues, in twenty years, will I still be here?\u201d - Netsah\" \/>\n<meta property=\"og:description\" content=\"Article in Lib\u00e9ration, June 23, 2024\" \/>\n<meta property=\"og:url\" content=\"https:\/\/netsah1948.com\/en\/rally-against-antisemitism-in-paris-if-this-continues-in-twenty-years-will-i-still-be-here\/\" \/>\n<meta property=\"og:site_name\" content=\"Netsah\" \/>\n<meta property=\"article:published_time\" content=\"2024-07-01T19:57:36+00:00\" \/>\n<meta name=\"twitter:card\" content=\"summary_large_image\" \/>\n<script type=\"application\/ld+json\" class=\"yoast-schema-graph\">{\"@context\":\"https:\\\/\\\/schema.org\",\"@graph\":[{\"@type\":\"Article\",\"@id\":\"https:\\\/\\\/netsah1948.com\\\/en\\\/rally-against-antisemitism-in-paris-if-this-continues-in-twenty-years-will-i-still-be-here\\\/#article\",\"isPartOf\":{\"@id\":\"https:\\\/\\\/netsah1948.com\\\/en\\\/rally-against-antisemitism-in-paris-if-this-continues-in-twenty-years-will-i-still-be-here\\\/\"},\"author\":{\"name\":\"\",\"@id\":\"\"},\"headline\":\"Rally against antisemitism in Paris: \u201cIf this continues, in twenty years, will I still be here?\u201d\",\"datePublished\":\"2024-07-01T19:57:36+00:00\",\"mainEntityOfPage\":{\"@id\":\"https:\\\/\\\/netsah1948.com\\\/en\\\/rally-against-antisemitism-in-paris-if-this-continues-in-twenty-years-will-i-still-be-here\\\/\"},\"wordCount\":16,\"image\":{\"@id\":\"https:\\\/\\\/netsah1948.com\\\/en\\\/rally-against-antisemitism-in-paris-if-this-continues-in-twenty-years-will-i-still-be-here\\\/#primaryimage\"},\"thumbnailUrl\":\"https:\\\/\\\/netsah1948.com\\\/wp-content\\\/uploads\\\/2024\\\/07\\\/PBA2REP6ZZCG7EJGNKFVIFHH34.jpg\",\"articleSection\":[\"Press \\\/ TV \\\/ Radio\"],\"inLanguage\":\"en-US\"},{\"@type\":\"WebPage\",\"@id\":\"https:\\\/\\\/netsah1948.com\\\/en\\\/rally-against-antisemitism-in-paris-if-this-continues-in-twenty-years-will-i-still-be-here\\\/\",\"url\":\"https:\\\/\\\/netsah1948.com\\\/en\\\/rally-against-antisemitism-in-paris-if-this-continues-in-twenty-years-will-i-still-be-here\\\/\",\"name\":\"Rally against antisemitism in Paris: \u201cIf this continues, in twenty years, will I still be here?\u201d - Netsah\",\"isPartOf\":{\"@id\":\"https:\\\/\\\/netsah1948.com\\\/en\\\/#website\"},\"primaryImageOfPage\":{\"@id\":\"https:\\\/\\\/netsah1948.com\\\/en\\\/rally-against-antisemitism-in-paris-if-this-continues-in-twenty-years-will-i-still-be-here\\\/#primaryimage\"},\"image\":{\"@id\":\"https:\\\/\\\/netsah1948.com\\\/en\\\/rally-against-antisemitism-in-paris-if-this-continues-in-twenty-years-will-i-still-be-here\\\/#primaryimage\"},\"thumbnailUrl\":\"https:\\\/\\\/netsah1948.com\\\/wp-content\\\/uploads\\\/2024\\\/07\\\/PBA2REP6ZZCG7EJGNKFVIFHH34.jpg\",\"datePublished\":\"2024-07-01T19:57:36+00:00\",\"author\":{\"@id\":\"\"},\"breadcrumb\":{\"@id\":\"https:\\\/\\\/netsah1948.com\\\/en\\\/rally-against-antisemitism-in-paris-if-this-continues-in-twenty-years-will-i-still-be-here\\\/#breadcrumb\"},\"inLanguage\":\"en-US\",\"potentialAction\":[{\"@type\":\"ReadAction\",\"target\":[\"https:\\\/\\\/netsah1948.com\\\/en\\\/rally-against-antisemitism-in-paris-if-this-continues-in-twenty-years-will-i-still-be-here\\\/\"]}]},{\"@type\":\"ImageObject\",\"inLanguage\":\"en-US\",\"@id\":\"https:\\\/\\\/netsah1948.com\\\/en\\\/rally-against-antisemitism-in-paris-if-this-continues-in-twenty-years-will-i-still-be-here\\\/#primaryimage\",\"url\":\"https:\\\/\\\/netsah1948.com\\\/wp-content\\\/uploads\\\/2024\\\/07\\\/PBA2REP6ZZCG7EJGNKFVIFHH34.jpg\",\"contentUrl\":\"https:\\\/\\\/netsah1948.com\\\/wp-content\\\/uploads\\\/2024\\\/07\\\/PBA2REP6ZZCG7EJGNKFVIFHH34.jpg\",\"width\":800,\"height\":533,\"caption\":\"Paris le 23 juin 2024. Rassemblement \u00e0 l\u2019appel d\u2019associations et collectifs en soutien \u00e0 Israel et \u00e0 la communaut\u00e9 juive fran\u00e7aise, place Victor Hugo.\"},{\"@type\":\"BreadcrumbList\",\"@id\":\"https:\\\/\\\/netsah1948.com\\\/en\\\/rally-against-antisemitism-in-paris-if-this-continues-in-twenty-years-will-i-still-be-here\\\/#breadcrumb\",\"itemListElement\":[{\"@type\":\"ListItem\",\"position\":1,\"name\":\"Accueil\",\"item\":\"https:\\\/\\\/netsah1948.com\\\/en\\\/netsah-eternity\\\/\"},{\"@type\":\"ListItem\",\"position\":2,\"name\":\"Rally against antisemitism in Paris: \u201cIf this continues, in twenty years, will I still be here?\u201d\"}]},{\"@type\":\"WebSite\",\"@id\":\"https:\\\/\\\/netsah1948.com\\\/en\\\/#website\",\"url\":\"https:\\\/\\\/netsah1948.com\\\/en\\\/\",\"name\":\"Netsah\",\"description\":\"Association NETSAH \u00c9TERNIT\u00c9\",\"potentialAction\":[{\"@type\":\"SearchAction\",\"target\":{\"@type\":\"EntryPoint\",\"urlTemplate\":\"https:\\\/\\\/netsah1948.com\\\/en\\\/?s={search_term_string}\"},\"query-input\":{\"@type\":\"PropertyValueSpecification\",\"valueRequired\":true,\"valueName\":\"search_term_string\"}}],\"inLanguage\":\"en-US\"}]}<\/script>\n<!-- \/ Yoast SEO plugin. -->","yoast_head_json":{"title":"Rally against antisemitism in Paris: \u201cIf this continues, in twenty years, will I still be here?\u201d - Netsah","robots":{"index":"index","follow":"follow","max-snippet":"max-snippet:-1","max-image-preview":"max-image-preview:large","max-video-preview":"max-video-preview:-1"},"canonical":"https:\/\/netsah1948.com\/en\/rally-against-antisemitism-in-paris-if-this-continues-in-twenty-years-will-i-still-be-here\/","og_locale":"en_US","og_type":"article","og_title":"Rally against antisemitism in Paris: \u201cIf this continues, in twenty years, will I still be here?\u201d - Netsah","og_description":"Article in Lib\u00e9ration, June 23, 2024","og_url":"https:\/\/netsah1948.com\/en\/rally-against-antisemitism-in-paris-if-this-continues-in-twenty-years-will-i-still-be-here\/","og_site_name":"Netsah","article_published_time":"2024-07-01T19:57:36+00:00","twitter_card":"summary_large_image","schema":{"@context":"https:\/\/schema.org","@graph":[{"@type":"Article","@id":"https:\/\/netsah1948.com\/en\/rally-against-antisemitism-in-paris-if-this-continues-in-twenty-years-will-i-still-be-here\/#article","isPartOf":{"@id":"https:\/\/netsah1948.com\/en\/rally-against-antisemitism-in-paris-if-this-continues-in-twenty-years-will-i-still-be-here\/"},"author":{"name":"","@id":""},"headline":"Rally against antisemitism in Paris: \u201cIf this continues, in twenty years, will I still be here?\u201d","datePublished":"2024-07-01T19:57:36+00:00","mainEntityOfPage":{"@id":"https:\/\/netsah1948.com\/en\/rally-against-antisemitism-in-paris-if-this-continues-in-twenty-years-will-i-still-be-here\/"},"wordCount":16,"image":{"@id":"https:\/\/netsah1948.com\/en\/rally-against-antisemitism-in-paris-if-this-continues-in-twenty-years-will-i-still-be-here\/#primaryimage"},"thumbnailUrl":"https:\/\/netsah1948.com\/wp-content\/uploads\/2024\/07\/PBA2REP6ZZCG7EJGNKFVIFHH34.jpg","articleSection":["Press \/ TV \/ Radio"],"inLanguage":"en-US"},{"@type":"WebPage","@id":"https:\/\/netsah1948.com\/en\/rally-against-antisemitism-in-paris-if-this-continues-in-twenty-years-will-i-still-be-here\/","url":"https:\/\/netsah1948.com\/en\/rally-against-antisemitism-in-paris-if-this-continues-in-twenty-years-will-i-still-be-here\/","name":"Rally against antisemitism in Paris: \u201cIf this continues, in twenty years, will I still be here?\u201d - Netsah","isPartOf":{"@id":"https:\/\/netsah1948.com\/en\/#website"},"primaryImageOfPage":{"@id":"https:\/\/netsah1948.com\/en\/rally-against-antisemitism-in-paris-if-this-continues-in-twenty-years-will-i-still-be-here\/#primaryimage"},"image":{"@id":"https:\/\/netsah1948.com\/en\/rally-against-antisemitism-in-paris-if-this-continues-in-twenty-years-will-i-still-be-here\/#primaryimage"},"thumbnailUrl":"https:\/\/netsah1948.com\/wp-content\/uploads\/2024\/07\/PBA2REP6ZZCG7EJGNKFVIFHH34.jpg","datePublished":"2024-07-01T19:57:36+00:00","author":{"@id":""},"breadcrumb":{"@id":"https:\/\/netsah1948.com\/en\/rally-against-antisemitism-in-paris-if-this-continues-in-twenty-years-will-i-still-be-here\/#breadcrumb"},"inLanguage":"en-US","potentialAction":[{"@type":"ReadAction","target":["https:\/\/netsah1948.com\/en\/rally-against-antisemitism-in-paris-if-this-continues-in-twenty-years-will-i-still-be-here\/"]}]},{"@type":"ImageObject","inLanguage":"en-US","@id":"https:\/\/netsah1948.com\/en\/rally-against-antisemitism-in-paris-if-this-continues-in-twenty-years-will-i-still-be-here\/#primaryimage","url":"https:\/\/netsah1948.com\/wp-content\/uploads\/2024\/07\/PBA2REP6ZZCG7EJGNKFVIFHH34.jpg","contentUrl":"https:\/\/netsah1948.com\/wp-content\/uploads\/2024\/07\/PBA2REP6ZZCG7EJGNKFVIFHH34.jpg","width":800,"height":533,"caption":"Paris le 23 juin 2024. Rassemblement \u00e0 l\u2019appel d\u2019associations et collectifs en soutien \u00e0 Israel et \u00e0 la communaut\u00e9 juive fran\u00e7aise, place Victor Hugo."},{"@type":"BreadcrumbList","@id":"https:\/\/netsah1948.com\/en\/rally-against-antisemitism-in-paris-if-this-continues-in-twenty-years-will-i-still-be-here\/#breadcrumb","itemListElement":[{"@type":"ListItem","position":1,"name":"Accueil","item":"https:\/\/netsah1948.com\/en\/netsah-eternity\/"},{"@type":"ListItem","position":2,"name":"Rally against antisemitism in Paris: \u201cIf this continues, in twenty years, will I still be here?\u201d"}]},{"@type":"WebSite","@id":"https:\/\/netsah1948.com\/en\/#website","url":"https:\/\/netsah1948.com\/en\/","name":"Netsah","description":"Association NETSAH \u00c9TERNIT\u00c9","potentialAction":[{"@type":"SearchAction","target":{"@type":"EntryPoint","urlTemplate":"https:\/\/netsah1948.com\/en\/?s={search_term_string}"},"query-input":{"@type":"PropertyValueSpecification","valueRequired":true,"valueName":"search_term_string"}}],"inLanguage":"en-US"}]}},"_links":{"self":[{"href":"https:\/\/netsah1948.com\/en\/wp-json\/wp\/v2\/posts\/7012","targetHints":{"allow":["GET"]}}],"collection":[{"href":"https:\/\/netsah1948.com\/en\/wp-json\/wp\/v2\/posts"}],"about":[{"href":"https:\/\/netsah1948.com\/en\/wp-json\/wp\/v2\/types\/post"}],"replies":[{"embeddable":true,"href":"https:\/\/netsah1948.com\/en\/wp-json\/wp\/v2\/comments?post=7012"}],"version-history":[{"count":0,"href":"https:\/\/netsah1948.com\/en\/wp-json\/wp\/v2\/posts\/7012\/revisions"}],"wp:featuredmedia":[{"embeddable":true,"href":"https:\/\/netsah1948.com\/en\/wp-json\/wp\/v2\/media\/5657"}],"wp:attachment":[{"href":"https:\/\/netsah1948.com\/en\/wp-json\/wp\/v2\/media?parent=7012"}],"wp:term":[{"taxonomy":"category","embeddable":true,"href":"https:\/\/netsah1948.com\/en\/wp-json\/wp\/v2\/categories?post=7012"},{"taxonomy":"post_tag","embeddable":true,"href":"https:\/\/netsah1948.com\/en\/wp-json\/wp\/v2\/tags?post=7012"}],"curies":[{"name":"wp","href":"https:\/\/api.w.org\/{rel}","templated":true}]}}